{"id":3357,"date":"2025-05-01T18:25:16","date_gmt":"2025-05-01T17:25:16","guid":{"rendered":"https:\/\/cnss.cd\/?p=3357"},"modified":"2025-05-03T18:31:13","modified_gmt":"2025-05-03T17:31:13","slug":"journee-internationale-des-droits-des-travailleurs","status":"publish","type":"post","link":"https:\/\/cnss.cd\/?p=3357","title":{"rendered":"Journ\u00e9e Internationale Des Droits des Travailleurs"},"content":{"rendered":"\t\t<div data-elementor-type=\"wp-post\" data-elementor-id=\"3357\" class=\"elementor elementor-3357\" data-elementor-post-type=\"post\">\n\t\t\t\t<div class=\"elementor-element elementor-element-378f9f8e e-flex e-con-boxed qodef-elementor-content-no e-con e-parent\" data-id=\"378f9f8e\" data-element_type=\"container\" data-e-type=\"container\">\n\t\t\t\t\t<div class=\"e-con-inner\">\n\t\t\t\t<div class=\"elementor-element elementor-element-1e2dd680 elementor-widget elementor-widget-text-editor\" data-id=\"1e2dd680\" data-element_type=\"widget\" data-e-type=\"widget\" data-widget_type=\"text-editor.default\">\n\t\t\t\t<div class=\"elementor-widget-container\">\n\t\t\t\t\t\t\t\t\t\n<p>Le 1er mai 2025, \u00e0 l\u2019occasion de la Journ\u00e9e internationale des droits des travailleurs, Monsieur Didier KIPOPA OMEONGA, Directeur G\u00e9n\u00e9ral Adjoint de la CNSS, a repr\u00e9sent\u00e9 Monsieur Charles MUDIAY KAZADI, Directeur G\u00e9n\u00e9ral, lors des c\u00e9l\u00e9brations organis\u00e9es avec les travailleurs et leurs repr\u00e9sentants syndicaux.<\/p>\n\t\t\t\t\t\t\t\t<\/div>\n\t\t\t\t<\/div>\n\t\t\t\t\t<\/div>\n\t\t\t\t<\/div>\n\t\t<div class=\"elementor-element elementor-element-9920bc6 e-grid e-con-boxed qodef-elementor-content-no e-con e-parent\" data-id=\"9920bc6\" data-element_type=\"container\" data-e-type=\"container\">\n\t\t\t\t\t<div class=\"e-con-inner\">\n\t\t\t\t<div class=\"elementor-element elementor-element-3114dcf elementor-widget elementor-widget-image\" data-id=\"3114dcf\" data-element_type=\"widget\" data-e-type=\"widget\" data-widget_type=\"image.default\">\n\t\t\t\t<div class=\"elementor-widget-container\">\n\t\t\t\t\t\t\t\t\t\t\t\t\t\t\t<img fetchpriority=\"high\" decoding=\"async\" width=\"800\" height=\"534\" src=\"https:\/\/cnss.cd\/wp-content\/uploads\/2025\/05\/WhatsApp-Image-2025-05-03-a-16.56.56_e4affb79.jpg\" class=\"attachment-large size-large wp-image-3360\" alt=\"\" srcset=\"https:\/\/cnss.cd\/wp-content\/uploads\/2025\/05\/WhatsApp-Image-2025-05-03-a-16.56.56_e4affb79.jpg 920w, https:\/\/cnss.cd\/wp-content\/uploads\/2025\/05\/WhatsApp-Image-2025-05-03-a-16.56.56_e4affb79-300x200.jpg 300w, https:\/\/cnss.cd\/wp-content\/uploads\/2025\/05\/WhatsApp-Image-2025-05-03-a-16.56.56_e4affb79-768x513.jpg 768w\" sizes=\"(max-width: 800px) 100vw, 800px\" \/>\t\t\t\t\t\t\t\t\t\t\t\t\t\t\t<\/div>\n\t\t\t\t<\/div>\n\t\t\t\t<div class=\"elementor-element elementor-element-663b4c7 elementor-widget elementor-widget-image\" data-id=\"663b4c7\" data-element_type=\"widget\" data-e-type=\"widget\" data-widget_type=\"image.default\">\n\t\t\t\t<div class=\"elementor-widget-container\">\n\t\t\t\t\t\t\t\t\t\t\t\t\t\t\t<img decoding=\"async\" width=\"800\" height=\"534\" src=\"https:\/\/cnss.cd\/wp-content\/uploads\/2025\/05\/WhatsApp-Image-2025-05-03-a-16.56.56_d763b8d6.jpg\" class=\"attachment-large size-large wp-image-3359\" alt=\"\" srcset=\"https:\/\/cnss.cd\/wp-content\/uploads\/2025\/05\/WhatsApp-Image-2025-05-03-a-16.56.56_d763b8d6.jpg 920w, https:\/\/cnss.cd\/wp-content\/uploads\/2025\/05\/WhatsApp-Image-2025-05-03-a-16.56.56_d763b8d6-300x200.jpg 300w, https:\/\/cnss.cd\/wp-content\/uploads\/2025\/05\/WhatsApp-Image-2025-05-03-a-16.56.56_d763b8d6-768x513.jpg 768w\" sizes=\"(max-width: 800px) 100vw, 800px\" \/>\t\t\t\t\t\t\t\t\t\t\t\t\t\t\t<\/div>\n\t\t\t\t<\/div>\n\t\t\t\t<div class=\"elementor-element elementor-element-514fc07 elementor-widget elementor-widget-image\" data-id=\"514fc07\" data-element_type=\"widget\" data-e-type=\"widget\" data-widget_type=\"image.default\">\n\t\t\t\t<div class=\"elementor-widget-container\">\n\t\t\t\t\t\t\t\t\t\t\t\t\t\t\t<img decoding=\"async\" width=\"800\" height=\"534\" src=\"https:\/\/cnss.cd\/wp-content\/uploads\/2025\/05\/WhatsApp-Image-2025-05-03-a-16.56.56_b55a80ba.jpg\" class=\"attachment-large size-large wp-image-3358\" alt=\"\" srcset=\"https:\/\/cnss.cd\/wp-content\/uploads\/2025\/05\/WhatsApp-Image-2025-05-03-a-16.56.56_b55a80ba.jpg 920w, https:\/\/cnss.cd\/wp-content\/uploads\/2025\/05\/WhatsApp-Image-2025-05-03-a-16.56.56_b55a80ba-300x200.jpg 300w, https:\/\/cnss.cd\/wp-content\/uploads\/2025\/05\/WhatsApp-Image-2025-05-03-a-16.56.56_b55a80ba-768x513.jpg 768w\" sizes=\"(max-width: 800px) 100vw, 800px\" \/>\t\t\t\t\t\t\t\t\t\t\t\t\t\t\t<\/div>\n\t\t\t\t<\/div>\n\t\t\t\t\t<\/div>\n\t\t\t\t<\/div>\n\t\t\t\t<\/div>\n\t\t","protected":false},"excerpt":{"rendered":"<p>Le 1er mai 2025, \u00e0 l\u2019occasion de la Journ\u00e9e internationale des droits des travailleurs, Monsieur Didier KIPOPA OMEONGA, Directeur G\u00e9n\u00e9ral Adjoint de la CNSS, a repr\u00e9sent\u00e9 Monsieur Charles MUDIAY KAZADI, [&hellip;]<\/p>\n","protected":false},"author":5,"featured_media":3361,"comment_status":"open","ping_status":"open","sticky":false,"template":"","format":"standard","meta":{"_kadence_starter_templates_imported_post":false,"jetpack_post_was_ever_published":false,"_jetpack_newsletter_access":"","_jetpack_dont_email_post_to_subs":false,"_jetpack_newsletter_tier_id":0,"_jetpack_memberships_contains_paywalled_content":false,"_jetpack_memberships_contains_paid_content":false,"footnotes":"","jetpack_publicize_message":"","jetpack_publicize_feature_enabled":true,"jetpack_social_post_already_shared":true,"jetpack_social_options":{"image_generator_settings":{"template":"highway","enabled":false},"version":2}},"categories":[11],"tags":[],"class_list":["post-3357","post","type-post","status-publish","format-standard","has-post-thumbnail","hentry","category-actualite"],"yoast_head":"<!-- This site is optimized with the Yoast SEO plugin v27.5 - https:\/\/yoast.com\/product\/yoast-seo-wordpress\/ -->\n<title>Journ\u00e9e Internationale Des Droits des Travailleurs - Caisse Nationale de S\u00e9curit\u00e9 Sociale<\/title>\n<meta name=\"robots\" content=\"index, follow, max-snippet:-1, max-image-preview:large, max-video-preview:-1\" \/>\n<link rel=\"canonical\" href=\"https:\/\/cnss.cd\/?p=3357\" \/>\n<meta property=\"og:locale\" content=\"fr_FR\" \/>\n<meta property=\"og:type\" content=\"article\" \/>\n<meta property=\"og:title\" content=\"Journ\u00e9e Internationale Des Droits des Travailleurs - Caisse Nationale de S\u00e9curit\u00e9 Sociale\" \/>\n<meta property=\"og:description\" content=\"Le 1er mai 2025, \u00e0 l\u2019occasion de la Journ\u00e9e internationale des droits des travailleurs, Monsieur Didier KIPOPA OMEONGA, Directeur G\u00e9n\u00e9ral Adjoint de la CNSS, a repr\u00e9sent\u00e9 Monsieur Charles MUDIAY KAZADI, [&hellip;]\" \/>\n<meta property=\"og:url\" content=\"https:\/\/cnss.cd\/?p=3357\" \/>\n<meta property=\"og:site_name\" content=\"Caisse Nationale de S\u00e9curit\u00e9 Sociale\" \/>\n<meta property=\"article:published_time\" content=\"2025-05-01T17:25:16+00:00\" \/>\n<meta property=\"article:modified_time\" content=\"2025-05-03T17:31:13+00:00\" \/>\n<meta property=\"og:image\" content=\"https:\/\/cnss.cd\/wp-content\/uploads\/2025\/05\/WhatsApp-Image-2025-05-03-a-17.06.24_e3478e20.jpg\" \/>\n\t<meta property=\"og:image:width\" content=\"920\" \/>\n\t<meta property=\"og:image:height\" content=\"614\" \/>\n\t<meta property=\"og:image:type\" content=\"image\/jpeg\" \/>\n<meta name=\"author\" content=\"Josette Mumbere\" \/>\n<meta name=\"twitter:card\" content=\"summary_large_image\" \/>\n<meta name=\"twitter:label1\" content=\"\u00c9crit par\" \/>\n\t<meta name=\"twitter:data1\" content=\"Josette Mumbere\" \/>\n\t<meta name=\"twitter:label2\" content=\"Dur\u00e9e de lecture estim\u00e9e\" \/>\n\t<meta name=\"twitter:data2\" content=\"1 minute\" \/>\n<script type=\"application\/ld+json\" class=\"yoast-schema-graph\">{\"@context\":\"https:\\\/\\\/schema.org\",\"@graph\":[{\"@type\":\"Article\",\"@id\":\"https:\\\/\\\/cnss.cd\\\/?p=3357#article\",\"isPartOf\":{\"@id\":\"https:\\\/\\\/cnss.cd\\\/?p=3357\"},\"author\":{\"name\":\"Josette Mumbere\",\"@id\":\"https:\\\/\\\/cnss.cd\\\/#\\\/schema\\\/person\\\/4bce80f0b576301c192f9f9a965bf441\"},\"headline\":\"Journ\u00e9e Internationale Des Droits des Travailleurs\",\"datePublished\":\"2025-05-01T17:25:16+00:00\",\"dateModified\":\"2025-05-03T17:31:13+00:00\",\"mainEntityOfPage\":{\"@id\":\"https:\\\/\\\/cnss.cd\\\/?p=3357\"},\"wordCount\":59,\"commentCount\":0,\"publisher\":{\"@id\":\"https:\\\/\\\/cnss.cd\\\/#organization\"},\"image\":{\"@id\":\"https:\\\/\\\/cnss.cd\\\/?p=3357#primaryimage\"},\"thumbnailUrl\":\"https:\\\/\\\/cnss.cd\\\/wp-content\\\/uploads\\\/2025\\\/05\\\/WhatsApp-Image-2025-05-03-a-17.06.24_e3478e20.jpg\",\"articleSection\":[\"Actualit\u00e9\"],\"inLanguage\":\"fr-FR\",\"potentialAction\":[{\"@type\":\"CommentAction\",\"name\":\"Comment\",\"target\":[\"https:\\\/\\\/cnss.cd\\\/?p=3357#respond\"]}]},{\"@type\":\"WebPage\",\"@id\":\"https:\\\/\\\/cnss.cd\\\/?p=3357\",\"url\":\"https:\\\/\\\/cnss.cd\\\/?p=3357\",\"name\":\"Journ\u00e9e Internationale Des Droits des Travailleurs - Caisse Nationale de S\u00e9curit\u00e9 Sociale\",\"isPartOf\":{\"@id\":\"https:\\\/\\\/cnss.cd\\\/#website\"},\"primaryImageOfPage\":{\"@id\":\"https:\\\/\\\/cnss.cd\\\/?p=3357#primaryimage\"},\"image\":{\"@id\":\"https:\\\/\\\/cnss.cd\\\/?p=3357#primaryimage\"},\"thumbnailUrl\":\"https:\\\/\\\/cnss.cd\\\/wp-content\\\/uploads\\\/2025\\\/05\\\/WhatsApp-Image-2025-05-03-a-17.06.24_e3478e20.jpg\",\"datePublished\":\"2025-05-01T17:25:16+00:00\",\"dateModified\":\"2025-05-03T17:31:13+00:00\",\"breadcrumb\":{\"@id\":\"https:\\\/\\\/cnss.cd\\\/?p=3357#breadcrumb\"},\"inLanguage\":\"fr-FR\",\"potentialAction\":[{\"@type\":\"ReadAction\",\"target\":[\"https:\\\/\\\/cnss.cd\\\/?p=3357\"]}]},{\"@type\":\"ImageObject\",\"inLanguage\":\"fr-FR\",\"@id\":\"https:\\\/\\\/cnss.cd\\\/?p=3357#primaryimage\",\"url\":\"https:\\\/\\\/cnss.cd\\\/wp-content\\\/uploads\\\/2025\\\/05\\\/WhatsApp-Image-2025-05-03-a-17.06.24_e3478e20.jpg\",\"contentUrl\":\"https:\\\/\\\/cnss.cd\\\/wp-content\\\/uploads\\\/2025\\\/05\\\/WhatsApp-Image-2025-05-03-a-17.06.24_e3478e20.jpg\",\"width\":920,\"height\":614},{\"@type\":\"BreadcrumbList\",\"@id\":\"https:\\\/\\\/cnss.cd\\\/?p=3357#breadcrumb\",\"itemListElement\":[{\"@type\":\"ListItem\",\"position\":1,\"name\":\"Accueil\",\"item\":\"https:\\\/\\\/cnss.cd\\\/\"},{\"@type\":\"ListItem\",\"position\":2,\"name\":\"Journ\u00e9e Internationale Des Droits des Travailleurs\"}]},{\"@type\":\"WebSite\",\"@id\":\"https:\\\/\\\/cnss.cd\\\/#website\",\"url\":\"https:\\\/\\\/cnss.cd\\\/\",\"name\":\"Caisse Nationale de S\u00e9curit\u00e9 Sociale\",\"description\":\"Une s\u00e9curit\u00e9 pour aujourd&#039;hui et demain\",\"publisher\":{\"@id\":\"https:\\\/\\\/cnss.cd\\\/#organization\"},\"potentialAction\":[{\"@type\":\"SearchAction\",\"target\":{\"@type\":\"EntryPoint\",\"urlTemplate\":\"https:\\\/\\\/cnss.cd\\\/?s={search_term_string}\"},\"query-input\":{\"@type\":\"PropertyValueSpecification\",\"valueRequired\":true,\"valueName\":\"search_term_string\"}}],\"inLanguage\":\"fr-FR\"},{\"@type\":\"Organization\",\"@id\":\"https:\\\/\\\/cnss.cd\\\/#organization\",\"name\":\"Caisse Nationale de S\u00e9curit\u00e9 Sociale\",\"url\":\"https:\\\/\\\/cnss.cd\\\/\",\"logo\":{\"@type\":\"ImageObject\",\"inLanguage\":\"fr-FR\",\"@id\":\"https:\\\/\\\/cnss.cd\\\/#\\\/schema\\\/logo\\\/image\\\/\",\"url\":\"https:\\\/\\\/cnss.cd\\\/wp-content\\\/uploads\\\/2025\\\/01\\\/LOGO-CNSSPDF_preview_rev_1.png\",\"contentUrl\":\"https:\\\/\\\/cnss.cd\\\/wp-content\\\/uploads\\\/2025\\\/01\\\/LOGO-CNSSPDF_preview_rev_1.png\",\"width\":634,\"height\":395,\"caption\":\"Caisse Nationale de S\u00e9curit\u00e9 Sociale\"},\"image\":{\"@id\":\"https:\\\/\\\/cnss.cd\\\/#\\\/schema\\\/logo\\\/image\\\/\"}},{\"@type\":\"Person\",\"@id\":\"https:\\\/\\\/cnss.cd\\\/#\\\/schema\\\/person\\\/4bce80f0b576301c192f9f9a965bf441\",\"name\":\"Josette Mumbere\",\"image\":{\"@type\":\"ImageObject\",\"inLanguage\":\"fr-FR\",\"@id\":\"https:\\\/\\\/secure.gravatar.com\\\/avatar\\\/5b1ae96e7a9b40fcf9a01d807de87aa1aa0907c92fb6d1bc28b1bf3772883f9c?s=96&d=mm&r=g\",\"url\":\"https:\\\/\\\/secure.gravatar.com\\\/avatar\\\/5b1ae96e7a9b40fcf9a01d807de87aa1aa0907c92fb6d1bc28b1bf3772883f9c?s=96&d=mm&r=g\",\"contentUrl\":\"https:\\\/\\\/secure.gravatar.com\\\/avatar\\\/5b1ae96e7a9b40fcf9a01d807de87aa1aa0907c92fb6d1bc28b1bf3772883f9c?s=96&d=mm&r=g\",\"caption\":\"Josette Mumbere\"},\"url\":\"https:\\\/\\\/cnss.cd\\\/?author=5\"}]}<\/script>\n<!-- \/ Yoast SEO plugin. -->","yoast_head_json":{"title":"Journ\u00e9e Internationale Des Droits des Travailleurs - Caisse Nationale de S\u00e9curit\u00e9 Sociale","robots":{"index":"index","follow":"follow","max-snippet":"max-snippet:-1","max-image-preview":"max-image-preview:large","max-video-preview":"max-video-preview:-1"},"canonical":"https:\/\/cnss.cd\/?p=3357","og_locale":"fr_FR","og_type":"article","og_title":"Journ\u00e9e Internationale Des Droits des Travailleurs - Caisse Nationale de S\u00e9curit\u00e9 Sociale","og_description":"Le 1er mai 2025, \u00e0 l\u2019occasion de la Journ\u00e9e internationale des droits des travailleurs, Monsieur Didier KIPOPA OMEONGA, Directeur G\u00e9n\u00e9ral Adjoint de la CNSS, a repr\u00e9sent\u00e9 Monsieur Charles MUDIAY KAZADI, [&hellip;]","og_url":"https:\/\/cnss.cd\/?p=3357","og_site_name":"Caisse Nationale de S\u00e9curit\u00e9 Sociale","article_published_time":"2025-05-01T17:25:16+00:00","article_modified_time":"2025-05-03T17:31:13+00:00","og_image":[{"width":920,"height":614,"url":"https:\/\/cnss.cd\/wp-content\/uploads\/2025\/05\/WhatsApp-Image-2025-05-03-a-17.06.24_e3478e20.jpg","type":"image\/jpeg"}],"author":"Josette Mumbere","twitter_card":"summary_large_image","twitter_misc":{"\u00c9crit par":"Josette Mumbere","Dur\u00e9e de lecture estim\u00e9e":"1 minute"},"schema":{"@context":"https:\/\/schema.org","@graph":[{"@type":"Article","@id":"https:\/\/cnss.cd\/?p=3357#article","isPartOf":{"@id":"https:\/\/cnss.cd\/?p=3357"},"author":{"name":"Josette Mumbere","@id":"https:\/\/cnss.cd\/#\/schema\/person\/4bce80f0b576301c192f9f9a965bf441"},"headline":"Journ\u00e9e Internationale Des Droits des Travailleurs","datePublished":"2025-05-01T17:25:16+00:00","dateModified":"2025-05-03T17:31:13+00:00","mainEntityOfPage":{"@id":"https:\/\/cnss.cd\/?p=3357"},"wordCount":59,"commentCount":0,"publisher":{"@id":"https:\/\/cnss.cd\/#organization"},"image":{"@id":"https:\/\/cnss.cd\/?p=3357#primaryimage"},"thumbnailUrl":"https:\/\/cnss.cd\/wp-content\/uploads\/2025\/05\/WhatsApp-Image-2025-05-03-a-17.06.24_e3478e20.jpg","articleSection":["Actualit\u00e9"],"inLanguage":"fr-FR","potentialAction":[{"@type":"CommentAction","name":"Comment","target":["https:\/\/cnss.cd\/?p=3357#respond"]}]},{"@type":"WebPage","@id":"https:\/\/cnss.cd\/?p=3357","url":"https:\/\/cnss.cd\/?p=3357","name":"Journ\u00e9e Internationale Des Droits des Travailleurs - Caisse Nationale de S\u00e9curit\u00e9 Sociale","isPartOf":{"@id":"https:\/\/cnss.cd\/#website"},"primaryImageOfPage":{"@id":"https:\/\/cnss.cd\/?p=3357#primaryimage"},"image":{"@id":"https:\/\/cnss.cd\/?p=3357#primaryimage"},"thumbnailUrl":"https:\/\/cnss.cd\/wp-content\/uploads\/2025\/05\/WhatsApp-Image-2025-05-03-a-17.06.24_e3478e20.jpg","datePublished":"2025-05-01T17:25:16+00:00","dateModified":"2025-05-03T17:31:13+00:00","breadcrumb":{"@id":"https:\/\/cnss.cd\/?p=3357#breadcrumb"},"inLanguage":"fr-FR","potentialAction":[{"@type":"ReadAction","target":["https:\/\/cnss.cd\/?p=3357"]}]},{"@type":"ImageObject","inLanguage":"fr-FR","@id":"https:\/\/cnss.cd\/?p=3357#primaryimage","url":"https:\/\/cnss.cd\/wp-content\/uploads\/2025\/05\/WhatsApp-Image-2025-05-03-a-17.06.24_e3478e20.jpg","contentUrl":"https:\/\/cnss.cd\/wp-content\/uploads\/2025\/05\/WhatsApp-Image-2025-05-03-a-17.06.24_e3478e20.jpg","width":920,"height":614},{"@type":"BreadcrumbList","@id":"https:\/\/cnss.cd\/?p=3357#breadcrumb","itemListElement":[{"@type":"ListItem","position":1,"name":"Accueil","item":"https:\/\/cnss.cd\/"},{"@type":"ListItem","position":2,"name":"Journ\u00e9e Internationale Des Droits des Travailleurs"}]},{"@type":"WebSite","@id":"https:\/\/cnss.cd\/#website","url":"https:\/\/cnss.cd\/","name":"Caisse Nationale de S\u00e9curit\u00e9 Sociale","description":"Une s\u00e9curit\u00e9 pour aujourd&#039;hui et demain","publisher":{"@id":"https:\/\/cnss.cd\/#organization"},"potentialAction":[{"@type":"SearchAction","target":{"@type":"EntryPoint","urlTemplate":"https:\/\/cnss.cd\/?s={search_term_string}"},"query-input":{"@type":"PropertyValueSpecification","valueRequired":true,"valueName":"search_term_string"}}],"inLanguage":"fr-FR"},{"@type":"Organization","@id":"https:\/\/cnss.cd\/#organization","name":"Caisse Nationale de S\u00e9curit\u00e9 Sociale","url":"https:\/\/cnss.cd\/","logo":{"@type":"ImageObject","inLanguage":"fr-FR","@id":"https:\/\/cnss.cd\/#\/schema\/logo\/image\/","url":"https:\/\/cnss.cd\/wp-content\/uploads\/2025\/01\/LOGO-CNSSPDF_preview_rev_1.png","contentUrl":"https:\/\/cnss.cd\/wp-content\/uploads\/2025\/01\/LOGO-CNSSPDF_preview_rev_1.png","width":634,"height":395,"caption":"Caisse Nationale de S\u00e9curit\u00e9 Sociale"},"image":{"@id":"https:\/\/cnss.cd\/#\/schema\/logo\/image\/"}},{"@type":"Person","@id":"https:\/\/cnss.cd\/#\/schema\/person\/4bce80f0b576301c192f9f9a965bf441","name":"Josette Mumbere","image":{"@type":"ImageObject","inLanguage":"fr-FR","@id":"https:\/\/secure.gravatar.com\/avatar\/5b1ae96e7a9b40fcf9a01d807de87aa1aa0907c92fb6d1bc28b1bf3772883f9c?s=96&d=mm&r=g","url":"https:\/\/secure.gravatar.com\/avatar\/5b1ae96e7a9b40fcf9a01d807de87aa1aa0907c92fb6d1bc28b1bf3772883f9c?s=96&d=mm&r=g","contentUrl":"https:\/\/secure.gravatar.com\/avatar\/5b1ae96e7a9b40fcf9a01d807de87aa1aa0907c92fb6d1bc28b1bf3772883f9c?s=96&d=mm&r=g","caption":"Josette Mumbere"},"url":"https:\/\/cnss.cd\/?author=5"}]}},"jetpack_publicize_connections":[],"jetpack_featured_media_url":"https:\/\/cnss.cd\/wp-content\/uploads\/2025\/05\/WhatsApp-Image-2025-05-03-a-17.06.24_e3478e20.jpg","jetpack_sharing_enabled":true,"_links":{"self":[{"href":"https:\/\/cnss.cd\/index.php?rest_route=\/wp\/v2\/posts\/3357","targetHints":{"allow":["GET"]}}],"collection":[{"href":"https:\/\/cnss.cd\/index.php?rest_route=\/wp\/v2\/posts"}],"about":[{"href":"https:\/\/cnss.cd\/index.php?rest_route=\/wp\/v2\/types\/post"}],"author":[{"embeddable":true,"href":"https:\/\/cnss.cd\/index.php?rest_route=\/wp\/v2\/users\/5"}],"replies":[{"embeddable":true,"href":"https:\/\/cnss.cd\/index.php?rest_route=%2Fwp%2Fv2%2Fcomments&post=3357"}],"version-history":[{"count":4,"href":"https:\/\/cnss.cd\/index.php?rest_route=\/wp\/v2\/posts\/3357\/revisions"}],"predecessor-version":[{"id":3365,"href":"https:\/\/cnss.cd\/index.php?rest_route=\/wp\/v2\/posts\/3357\/revisions\/3365"}],"wp:featuredmedia":[{"embeddable":true,"href":"https:\/\/cnss.cd\/index.php?rest_route=\/wp\/v2\/media\/3361"}],"wp:attachment":[{"href":"https:\/\/cnss.cd\/index.php?rest_route=%2Fwp%2Fv2%2Fmedia&parent=3357"}],"wp:term":[{"taxonomy":"category","embeddable":true,"href":"https:\/\/cnss.cd\/index.php?rest_route=%2Fwp%2Fv2%2Fcategories&post=3357"},{"taxonomy":"post_tag","embeddable":true,"href":"https:\/\/cnss.cd\/index.php?rest_route=%2Fwp%2Fv2%2Ftags&post=3357"}],"curies":[{"name":"wp","href":"https:\/\/api.w.org\/{rel}","templated":true}]}}